{"id":5533,"date":"2026-04-01T14:44:29","date_gmt":"2026-04-01T12:44:29","guid":{"rendered":"https:\/\/www.jurajski-fotoklub.pl\/?p=5533"},"modified":"2026-04-01T14:44:29","modified_gmt":"2026-04-01T12:44:29","slug":"wesolych-swiat-wielkiej-nocy","status":"publish","type":"post","link":"https:\/\/www.jurajski-fotoklub.pl\/index.php\/wesolych-swiat-wielkiej-nocy\/","title":{"rendered":"Weso\u0142ych \u015awi\u0105t Wielkiej Nocy"},"content":{"rendered":"\n<figure class=\"wp-block-gallery has-nested-images columns-default is-cropped wp-block-gallery-1 is-layout-flex wp-block-gallery-is-layout-flex\">\n<figure class=\"wp-block-image size-large\"><img loading=\"lazy\" decoding=\"async\" width=\"743\" height=\"1024\" data-id=\"5534\" src=\"https:\/\/www.jurajski-fotoklub.pl\/wp-content\/uploads\/2026\/04\/tegoroczna-kartka-WielkanocnaX-743x1024.jpg\" alt=\"\" class=\"wp-image-5534\" srcset=\"https:\/\/www.jurajski-fotoklub.pl\/wp-content\/uploads\/2026\/04\/tegoroczna-kartka-WielkanocnaX-743x1024.jpg 743w, https:\/\/www.jurajski-fotoklub.pl\/wp-content\/uploads\/2026\/04\/tegoroczna-kartka-WielkanocnaX-218x300.jpg 218w, https:\/\/www.jurajski-fotoklub.pl\/wp-content\/uploads\/2026\/04\/tegoroczna-kartka-WielkanocnaX-768x1058.jpg 768w, https:\/\/www.jurajski-fotoklub.pl\/wp-content\/uploads\/2026\/04\/tegoroczna-kartka-WielkanocnaX-1114x1536.jpg 1114w, https:\/\/www.jurajski-fotoklub.pl\/wp-content\/uploads\/2026\/04\/tegoroczna-kartka-WielkanocnaX-1486x2048.jpg 1486w, https:\/\/www.jurajski-fotoklub.pl\/wp-content\/uploads\/2026\/04\/tegoroczna-kartka-WielkanocnaX-scaled.jpg 1857w\" sizes=\"auto, (max-width: 743px) 100vw, 743px\" \/><\/figure>\n<\/figure>\n","protected":false},"excerpt":{"rendered":"","protected":false},"author":13,"featured_media":0,"comment_status":"open","ping_status":"open","sticky":false,"template":"","format":"standard","meta":{"footnotes":""},"categories":[1],"tags":[],"class_list":["post-5533","post","type-post","status-publish","format-standard","hentry","category-uncategorized"],"_links":{"self":[{"href":"https:\/\/www.jurajski-fotoklub.pl\/index.php\/wp-json\/wp\/v2\/posts\/5533","targetHints":{"allow":["GET"]}}],"collection":[{"href":"https:\/\/www.jurajski-fotoklub.pl\/index.php\/wp-json\/wp\/v2\/posts"}],"about":[{"href":"https:\/\/www.jurajski-fotoklub.pl\/index.php\/wp-json\/wp\/v2\/types\/post"}],"author":[{"embeddable":true,"href":"https:\/\/www.jurajski-fotoklub.pl\/index.php\/wp-json\/wp\/v2\/users\/13"}],"replies":[{"embeddable":true,"href":"https:\/\/www.jurajski-fotoklub.pl\/index.php\/wp-json\/wp\/v2\/comments?post=5533"}],"version-history":[{"count":1,"href":"https:\/\/www.jurajski-fotoklub.pl\/index.php\/wp-json\/wp\/v2\/posts\/5533\/revisions"}],"predecessor-version":[{"id":5535,"href":"https:\/\/www.jurajski-fotoklub.pl\/index.php\/wp-json\/wp\/v2\/posts\/5533\/revisions\/5535"}],"wp:attachment":[{"href":"https:\/\/www.jurajski-fotoklub.pl\/index.php\/wp-json\/wp\/v2\/media?parent=5533"}],"wp:term":[{"taxonomy":"category","embeddable":true,"href":"https:\/\/www.jurajski-fotoklub.pl\/index.php\/wp-json\/wp\/v2\/categories?post=5533"},{"taxonomy":"post_tag","embeddable":true,"href":"https:\/\/www.jurajski-fotoklub.pl\/index.php\/wp-json\/wp\/v2\/tags?post=5533"}],"curies":[{"name":"wp","href":"https:\/\/api.w.org\/{rel}","templated":true}]}}