{"id":695,"date":"2013-03-09T14:20:05","date_gmt":"2013-03-09T14:20:05","guid":{"rendered":"http:\/\/www.jurajski-fotoklub.pl\/?p=695"},"modified":"2013-03-09T14:24:37","modified_gmt":"2013-03-09T14:24:37","slug":"zdjecia-dariusza-gawronskiego-w-wejsciowce","status":"publish","type":"post","link":"https:\/\/www.jurajski-fotoklub.pl\/index.php\/zdjecia-dariusza-gawronskiego-w-wejsciowce\/","title":{"rendered":"<center>Zdj\u0119cia Dariusza Gawro\u0144skiego w &#8222;Wej\u015bci\u00f3wce&#8221;<\/center>"},"content":{"rendered":"<p style=\"text-align: center;\"><span style=\"color: #c0c0c0;\">Od pi\u0105tku 8 marca galeria &#8222;Gazety Wyborczej&#8221;\u00a0 &#8222;WEJ\u015aCI\u00d3WKA&#8221; go\u015bci zdj\u0119cia <strong>Dariusza Gawro\u0144skiego<\/strong> &#8211; fotografa, globtrotera, nauczyciela ale przede wszystkim naszego klubowego koleg\u0119 &#8222;Fotografa Roku&#8221; 2003 i 2012 Jurajskiego Fotoklubu RP.<\/span><\/p>\n<p style=\"text-align: center;\"><span style=\"color: #c0c0c0;\">Serdecznie zapraszamy do zwiedzania galerii, oraz do artyku\u0142u <span style=\"color: #888888;\"><a title=\"&lt;zobacz&gt;\" href=\"http:\/\/czestochowa.gazeta.pl\/czestochowa\/1,35270,13531594,Ze_Spitsbergenu_przywedrowal_do__Wejsciowki___GALERIA.html#ixzz2N3HaHO3G\" target=\"_blank\"><span style=\"color: #888888;\">&lt;zobacz&gt;<\/span><\/a><\/span><\/span><\/p>\n<div><\/div>\n","protected":false},"excerpt":{"rendered":"<p>Od pi\u0105tku 8 marca galeria &#8222;Gazety Wyborczej&#8221;\u00a0 &#8222;WEJ\u015aCI\u00d3WKA&#8221; go\u015bci zdj\u0119cia Dariusza Gawro\u0144skiego &#8211; fotografa, globtrotera, nauczyciela ale przede wszystkim naszego klubowego koleg\u0119 &#8222;Fotografa Roku&#8221; 2003 i 2012 Jurajskiego Fotoklubu RP. Serdecznie zapraszamy do zwiedzania galerii, oraz do artyku\u0142u &lt;zobacz&gt;<\/p>\n","protected":false},"author":1,"featured_media":0,"comment_status":"closed","ping_status":"open","sticky":false,"template":"","format":"standard","meta":{"footnotes":""},"categories":[1],"tags":[],"class_list":["post-695","post","type-post","status-publish","format-standard","hentry","category-uncategorized"],"_links":{"self":[{"href":"https:\/\/www.jurajski-fotoklub.pl\/index.php\/wp-json\/wp\/v2\/posts\/695","targetHints":{"allow":["GET"]}}],"collection":[{"href":"https:\/\/www.jurajski-fotoklub.pl\/index.php\/wp-json\/wp\/v2\/posts"}],"about":[{"href":"https:\/\/www.jurajski-fotoklub.pl\/index.php\/wp-json\/wp\/v2\/types\/post"}],"author":[{"embeddable":true,"href":"https:\/\/www.jurajski-fotoklub.pl\/index.php\/wp-json\/wp\/v2\/users\/1"}],"replies":[{"embeddable":true,"href":"https:\/\/www.jurajski-fotoklub.pl\/index.php\/wp-json\/wp\/v2\/comments?post=695"}],"version-history":[{"count":5,"href":"https:\/\/www.jurajski-fotoklub.pl\/index.php\/wp-json\/wp\/v2\/posts\/695\/revisions"}],"predecessor-version":[{"id":697,"href":"https:\/\/www.jurajski-fotoklub.pl\/index.php\/wp-json\/wp\/v2\/posts\/695\/revisions\/697"}],"wp:attachment":[{"href":"https:\/\/www.jurajski-fotoklub.pl\/index.php\/wp-json\/wp\/v2\/media?parent=695"}],"wp:term":[{"taxonomy":"category","embeddable":true,"href":"https:\/\/www.jurajski-fotoklub.pl\/index.php\/wp-json\/wp\/v2\/categories?post=695"},{"taxonomy":"post_tag","embeddable":true,"href":"https:\/\/www.jurajski-fotoklub.pl\/index.php\/wp-json\/wp\/v2\/tags?post=695"}],"curies":[{"name":"wp","href":"https:\/\/api.w.org\/{rel}","templated":true}]}}