{"id":731,"date":"2013-03-26T14:25:46","date_gmt":"2013-03-26T14:25:46","guid":{"rendered":"http:\/\/www.jurajski-fotoklub.pl\/?p=731"},"modified":"2013-03-26T14:42:22","modified_gmt":"2013-03-26T14:42:22","slug":"731","status":"publish","type":"post","link":"https:\/\/www.jurajski-fotoklub.pl\/index.php\/731\/","title":{"rendered":"<center>ROK zaprasza na Og\u00f3lnopolski Plener Fotovideo CYPR 2013<\/center>"},"content":{"rendered":"<table width=\"100%\">\n<tbody>\n<tr>\n<td style=\"text-align: center;\" width=\"265\"><img loading=\"lazy\" decoding=\"async\" class=\"aligncenter size-full wp-image-730\" alt=\"plakatzdjeciejpg\" src=\"https:\/\/www.jurajski-fotoklub.pl\/wp-content\/uploads\/2013\/03\/plakatzdjeciejpg.jpg\" width=\"250\" height=\"187\" \/><\/td>\n<td>\n<p style=\"text-align: center;\">Regionalny O\u015brodek Kultury w Cz\u0119stochowie zaprasza na<\/p>\n<p style=\"text-align: center;\">Og\u00f3lnopolski Plener Fotovideo CYPR 2013<\/p>\n<p style=\"text-align: center;\">Poni\u017cej link do strony organizatora oraz do karty zg\u0142oszeniowej i regulaminu<\/p>\n<p style=\"text-align: center;\"><span style=\"color: #c0c0c0;\">\u00a0<a href=\"http:\/\/www.rok.czestochowa.pl\/index.php?option=com_content&amp;view=article&amp;id=231%3Aogolnopolski-plener-fotovideo-cypr-2013&amp;catid=2%3Aimprezy&amp;Itemid=2&amp;lang=pl\" target=\"_blank\"><span style=\"color: #c0c0c0;\">Strona organizatora<\/span><\/a><\/span><\/p>\n<p style=\"text-align: center;\"><span style=\"color: #c0c0c0;\"><a href=\"http:\/\/www.rok.czestochowa.pl\/images\/zalaczniki\/2013\/Imprezy\/Plener_Cypr\/REGULAMIN%20CYPR%202013.pdf\" target=\"_blank\"><span style=\"color: #c0c0c0;\">Regulamin<\/span><\/a><\/span><\/p>\n<p style=\"text-align: center;\"><span style=\"color: #c0c0c0;\"><a href=\"http:\/\/www.rok.czestochowa.pl\/images\/zalaczniki\/2013\/Imprezy\/Plener_Cypr\/Karta_zgloszenia%20CYPR2013.pdf\" target=\"_blank\"><span style=\"color: #c0c0c0;\">Karta uczestnictwa<\/span><\/a><b><br \/>\n<\/b><\/span><\/p>\n<\/td>\n<\/tr>\n<\/tbody>\n<\/table>\n","protected":false},"excerpt":{"rendered":"<p>Regionalny O\u015brodek Kultury w Cz\u0119stochowie zaprasza na Og\u00f3lnopolski Plener Fotovideo CYPR 2013 Poni\u017cej link do strony organizatora oraz do karty zg\u0142oszeniowej i regulaminu \u00a0Strona organizatora Regulamin Karta uczestnictwa<\/p>\n","protected":false},"author":1,"featured_media":0,"comment_status":"closed","ping_status":"open","sticky":false,"template":"","format":"standard","meta":{"footnotes":""},"categories":[1],"tags":[],"class_list":["post-731","post","type-post","status-publish","format-standard","hentry","category-uncategorized"],"_links":{"self":[{"href":"https:\/\/www.jurajski-fotoklub.pl\/index.php\/wp-json\/wp\/v2\/posts\/731","targetHints":{"allow":["GET"]}}],"collection":[{"href":"https:\/\/www.jurajski-fotoklub.pl\/index.php\/wp-json\/wp\/v2\/posts"}],"about":[{"href":"https:\/\/www.jurajski-fotoklub.pl\/index.php\/wp-json\/wp\/v2\/types\/post"}],"author":[{"embeddable":true,"href":"https:\/\/www.jurajski-fotoklub.pl\/index.php\/wp-json\/wp\/v2\/users\/1"}],"replies":[{"embeddable":true,"href":"https:\/\/www.jurajski-fotoklub.pl\/index.php\/wp-json\/wp\/v2\/comments?post=731"}],"version-history":[{"count":18,"href":"https:\/\/www.jurajski-fotoklub.pl\/index.php\/wp-json\/wp\/v2\/posts\/731\/revisions"}],"predecessor-version":[{"id":749,"href":"https:\/\/www.jurajski-fotoklub.pl\/index.php\/wp-json\/wp\/v2\/posts\/731\/revisions\/749"}],"wp:attachment":[{"href":"https:\/\/www.jurajski-fotoklub.pl\/index.php\/wp-json\/wp\/v2\/media?parent=731"}],"wp:term":[{"taxonomy":"category","embeddable":true,"href":"https:\/\/www.jurajski-fotoklub.pl\/index.php\/wp-json\/wp\/v2\/categories?post=731"},{"taxonomy":"post_tag","embeddable":true,"href":"https:\/\/www.jurajski-fotoklub.pl\/index.php\/wp-json\/wp\/v2\/tags?post=731"}],"curies":[{"name":"wp","href":"https:\/\/api.w.org\/{rel}","templated":true}]}}