{"id":786,"date":"2013-04-15T22:07:40","date_gmt":"2013-04-15T22:07:40","guid":{"rendered":"http:\/\/www.jurajski-fotoklub.pl\/?p=786"},"modified":"2013-04-16T07:15:00","modified_gmt":"2013-04-16T07:15:00","slug":"cyberfoto-2013-rozstrzygniete","status":"publish","type":"post","link":"https:\/\/www.jurajski-fotoklub.pl\/index.php\/cyberfoto-2013-rozstrzygniete\/","title":{"rendered":"<center>CYBERFOTO   2013 rozstrzygni\u0119te !!!<\/center>"},"content":{"rendered":"<p style=\"text-align: center;\"><span style=\"color: #c0c0c0;\">W dniu 12.04. 2013 w Regionalnym O\u015brodku Kultury w Cz\u0119stochowie odby\u0142o si\u0119 posiedzenie Jury XVI Mi\u0119dzynarodowego Konkursu Fotografii Cyfrowej CYBERFOTO 2013<\/span><\/p>\n<p style=\"text-align: center;\"><span style=\"color: #c0c0c0;\">przewodnicz\u0105cy:<\/span><\/p>\n<h1 style=\"text-align: center;\"><span style=\"color: #c0c0c0;\"><strong>Krzysztof Jurecki\u00a0\u00a0<\/strong><\/span><\/h1>\n<p style=\"text-align: center;\"><span style=\"color: #c0c0c0;\">(krytyk i historyk fotografii, cz\u0142onek honorowy ZPAF, wyk\u0142adowca WSSiP w \u0141odzi )<strong><\/strong><\/span><\/p>\n<p style=\"text-align: center;\"><span style=\"color: #c0c0c0;\">cz\u0142onkowie:<\/span><\/p>\n<p style=\"text-align: center;\"><span style=\"color: #c0c0c0;\"><strong>Jolanta Rycerska<\/strong> \u2013 art. fotografik, cz\u0142onek ZPAF, Prezes Zarz\u0105du G\u0142\u00f3wnego ZPAF<\/span><\/p>\n<p style=\"text-align: center;\"><span style=\"color: #c0c0c0;\">\u00a0\u00a0\u00a0\u00a0\u00a0\u00a0\u00a0\u00a0\u00a0\u00a0\u00a0\u00a0\u00a0\u00a0\u00a0\u00a0\u00a0\u00a0\u00a0\u00a0\u00a0 <strong>Katarzyna \u0141ata-Wrona<\/strong> \u2013 art. fotografik, cz\u0142onek ZPAF, Prezes ZPAF Okr\u0119gu \u015alaskiego<\/span><\/p>\n<p style=\"text-align: center;\"><span style=\"color: #c0c0c0;\">\u00a0\u00a0\u00a0\u00a0\u00a0\u00a0\u00a0\u00a0\u00a0\u00a0\u00a0\u00a0\u00a0\u00a0\u00a0\u00a0\u00a0\u00a0\u00a0\u00a0 <strong>Krystyna Ma\u0142gorzata Do\u0142owska<\/strong> \u2013\u00a0art. fotografik, cz\u0142onek zarz\u0105du Fotoklubu RP<\/span><\/p>\n<p style=\"text-align: center;\"><span style=\"color: #c0c0c0;\">\u00a0\u00a0\u00a0\u00a0\u00a0\u00a0\u00a0\u00a0\u00a0\u00a0\u00a0\u00a0\u00a0\u00a0\u00a0\u00a0\u00a0\u00a0\u00a0\u00a0 <strong>S\u0142awomir Jod\u0142owski<\/strong> &#8211; artysta-fotografik, cz\u0142onek ZPAF, Regionalny O\u015brodek Kultury w Cz\u0119stochowie<\/span><\/p>\n<h2 style=\"text-align: center;\"><span style=\"color: #c0c0c0;\"><strong><span style=\"font-family: Arial; font-size: small;\">Uroczyste otwarcie wystawy i og\u0142oszenie wynik\u00f3w 26 kwietnia 2013 r. o godz. 18,00 w Galerii ARTFOTO w Cz\u0119stochowie ul. Ogi\u0144skiego 13a<\/span><\/strong><\/span><\/h2>\n<p>&nbsp;<\/p>\n<p style=\"text-align: center;\"><a href=\"https:\/\/www.jurajski-fotoklub.pl\/wp-content\/uploads\/2013\/04\/komisja-cyberfoto.jpg\"><img loading=\"lazy\" decoding=\"async\" class=\"aligncenter  wp-image-787\" alt=\"komisja cyberfoto\" src=\"https:\/\/www.jurajski-fotoklub.pl\/wp-content\/uploads\/2013\/04\/komisja-cyberfoto.jpg\" width=\"300\" height=\"500\" \/><\/a><\/p>\n","protected":false},"excerpt":{"rendered":"<p>W dniu 12.04. 2013 w Regionalnym O\u015brodku Kultury w Cz\u0119stochowie odby\u0142o si\u0119 posiedzenie Jury XVI Mi\u0119dzynarodowego Konkursu Fotografii Cyfrowej CYBERFOTO 2013 przewodnicz\u0105cy: Krzysztof Jurecki\u00a0\u00a0 (krytyk i historyk fotografii, cz\u0142onek honorowy ZPAF, wyk\u0142adowca WSSiP w \u0141odzi ) cz\u0142onkowie: Jolanta Rycerska \u2013 art. fotografik, cz\u0142onek ZPAF, Prezes Zarz\u0105du G\u0142\u00f3wnego ZPAF \u00a0\u00a0\u00a0\u00a0\u00a0\u00a0\u00a0\u00a0\u00a0\u00a0\u00a0\u00a0\u00a0\u00a0\u00a0\u00a0\u00a0\u00a0\u00a0\u00a0\u00a0 Katarzyna \u0141ata-Wrona \u2013 art. fotografik, cz\u0142onek [&hellip;]<\/p>\n","protected":false},"author":1,"featured_media":0,"comment_status":"closed","ping_status":"open","sticky":false,"template":"","format":"standard","meta":{"footnotes":""},"categories":[1],"tags":[],"class_list":["post-786","post","type-post","status-publish","format-standard","hentry","category-uncategorized"],"_links":{"self":[{"href":"https:\/\/www.jurajski-fotoklub.pl\/index.php\/wp-json\/wp\/v2\/posts\/786","targetHints":{"allow":["GET"]}}],"collection":[{"href":"https:\/\/www.jurajski-fotoklub.pl\/index.php\/wp-json\/wp\/v2\/posts"}],"about":[{"href":"https:\/\/www.jurajski-fotoklub.pl\/index.php\/wp-json\/wp\/v2\/types\/post"}],"author":[{"embeddable":true,"href":"https:\/\/www.jurajski-fotoklub.pl\/index.php\/wp-json\/wp\/v2\/users\/1"}],"replies":[{"embeddable":true,"href":"https:\/\/www.jurajski-fotoklub.pl\/index.php\/wp-json\/wp\/v2\/comments?post=786"}],"version-history":[{"count":2,"href":"https:\/\/www.jurajski-fotoklub.pl\/index.php\/wp-json\/wp\/v2\/posts\/786\/revisions"}],"predecessor-version":[{"id":791,"href":"https:\/\/www.jurajski-fotoklub.pl\/index.php\/wp-json\/wp\/v2\/posts\/786\/revisions\/791"}],"wp:attachment":[{"href":"https:\/\/www.jurajski-fotoklub.pl\/index.php\/wp-json\/wp\/v2\/media?parent=786"}],"wp:term":[{"taxonomy":"category","embeddable":true,"href":"https:\/\/www.jurajski-fotoklub.pl\/index.php\/wp-json\/wp\/v2\/categories?post=786"},{"taxonomy":"post_tag","embeddable":true,"href":"https:\/\/www.jurajski-fotoklub.pl\/index.php\/wp-json\/wp\/v2\/tags?post=786"}],"curies":[{"name":"wp","href":"https:\/\/api.w.org\/{rel}","templated":true}]}}