{"id":793,"date":"2013-04-19T02:49:14","date_gmt":"2013-04-19T02:49:14","guid":{"rendered":"http:\/\/www.jurajski-fotoklub.pl\/?p=793"},"modified":"2013-04-28T12:39:00","modified_gmt":"2013-04-28T12:39:00","slug":"793","status":"publish","type":"post","link":"https:\/\/www.jurajski-fotoklub.pl\/index.php\/793\/","title":{"rendered":"<center><\/center>"},"content":{"rendered":"<p><center><br \/>\n<img loading=\"lazy\" decoding=\"async\" alt=\"\" src=\"https:\/\/www.jurajski-fotoklub.pl\/wp-content\/uploads\/2013\/04\/zaprcyb2013jpg-1024x419.jpg\" width=\"627\" height=\"256\" \/><br \/><a title=\"I miejsce\" href=\"http:\/\/www.cyberfoto.czest.pl\/index2.php?action=prace&amp;Nag=1\" target=\"_blank\">I miejsce<\/a>\u00a0\u00a0\u00a0\u00a0\u00a0\u00a0\u00a0\u00a0\u00a0\u00a0\u00a0\u00a0\u00a0\u00a0\u00a0\u00a0 <a title=\"II miejsce\" href=\"http:\/\/www.cyberfoto.czest.pl\/index2.php?action=prace&amp;Nag=2\" target=\"_blank\">II miejsce<\/a>\u00a0\u00a0\u00a0\u00a0\u00a0\u00a0\u00a0\u00a0\u00a0\u00a0\u00a0\u00a0\u00a0 <a title=\"III miejsce\" href=\"http:\/\/www.cyberfoto.czest.pl\/index2.php?action=prace&amp;Nag=3\" target=\"_blank\">III miejsce<\/a>\u00a0\u00a0\u00a0\u00a0\u00a0\u00a0\u00a0\u00a0\u00a0\u00a0\u00a0\u00a0\u00a0\u00a0\u00a0\u00a0\u00a0 <a title=\"Wyr\u00f3\u017cnienia\" href=\"http:\/\/www.cyberfoto.czest.pl\/index2.php?action=prace&amp;Nag=w\" target=\"_blank\">Wyr\u00f3\u017cnienia<\/a><br \/>\n<a href=\"http:\/\/www.rok.czestochowa.pl\/events.php?GroupId=3&amp;ItemId=25\" target=\"_blank\">Zapraszamy do zapoznania si\u0119 z list\u0105 uczestnik\u00f3w kt\u00f3rych prace zakwalifikowa\u0142y si\u0119 do wystawy pokonkursowej.<\/a><\/center><\/p>\n","protected":false},"excerpt":{"rendered":"<p>I miejsce\u00a0\u00a0\u00a0\u00a0\u00a0\u00a0\u00a0\u00a0\u00a0\u00a0\u00a0\u00a0\u00a0\u00a0\u00a0\u00a0 II miejsce\u00a0\u00a0\u00a0\u00a0\u00a0\u00a0\u00a0\u00a0\u00a0\u00a0\u00a0\u00a0\u00a0 III miejsce\u00a0\u00a0\u00a0\u00a0\u00a0\u00a0\u00a0\u00a0\u00a0\u00a0\u00a0\u00a0\u00a0\u00a0\u00a0\u00a0\u00a0 Wyr\u00f3\u017cnienia Zapraszamy do zapoznania si\u0119 z list\u0105 uczestnik\u00f3w kt\u00f3rych prace zakwalifikowa\u0142y si\u0119 do wystawy pokonkursowej.<\/p>\n","protected":false},"author":1,"featured_media":0,"comment_status":"closed","ping_status":"open","sticky":false,"template":"","format":"standard","meta":{"footnotes":""},"categories":[1],"tags":[],"class_list":["post-793","post","type-post","status-publish","format-standard","hentry","category-uncategorized"],"_links":{"self":[{"href":"https:\/\/www.jurajski-fotoklub.pl\/index.php\/wp-json\/wp\/v2\/posts\/793","targetHints":{"allow":["GET"]}}],"collection":[{"href":"https:\/\/www.jurajski-fotoklub.pl\/index.php\/wp-json\/wp\/v2\/posts"}],"about":[{"href":"https:\/\/www.jurajski-fotoklub.pl\/index.php\/wp-json\/wp\/v2\/types\/post"}],"author":[{"embeddable":true,"href":"https:\/\/www.jurajski-fotoklub.pl\/index.php\/wp-json\/wp\/v2\/users\/1"}],"replies":[{"embeddable":true,"href":"https:\/\/www.jurajski-fotoklub.pl\/index.php\/wp-json\/wp\/v2\/comments?post=793"}],"version-history":[{"count":10,"href":"https:\/\/www.jurajski-fotoklub.pl\/index.php\/wp-json\/wp\/v2\/posts\/793\/revisions"}],"predecessor-version":[{"id":795,"href":"https:\/\/www.jurajski-fotoklub.pl\/index.php\/wp-json\/wp\/v2\/posts\/793\/revisions\/795"}],"wp:attachment":[{"href":"https:\/\/www.jurajski-fotoklub.pl\/index.php\/wp-json\/wp\/v2\/media?parent=793"}],"wp:term":[{"taxonomy":"category","embeddable":true,"href":"https:\/\/www.jurajski-fotoklub.pl\/index.php\/wp-json\/wp\/v2\/categories?post=793"},{"taxonomy":"post_tag","embeddable":true,"href":"https:\/\/www.jurajski-fotoklub.pl\/index.php\/wp-json\/wp\/v2\/tags?post=793"}],"curies":[{"name":"wp","href":"https:\/\/api.w.org\/{rel}","templated":true}]}}