{"id":832,"date":"2013-05-07T13:30:32","date_gmt":"2013-05-07T13:30:32","guid":{"rendered":"http:\/\/www.jurajski-fotoklub.pl\/?p=832"},"modified":"2013-05-07T13:44:39","modified_gmt":"2013-05-07T13:44:39","slug":"konkurs-fotograficzny-miejskiej-galerii-sztuki-na-fotoreportaz-z-akcji-pomaluj-mi-swiat","status":"publish","type":"post","link":"https:\/\/www.jurajski-fotoklub.pl\/index.php\/konkurs-fotograficzny-miejskiej-galerii-sztuki-na-fotoreportaz-z-akcji-pomaluj-mi-swiat\/","title":{"rendered":"<center>Konkurs fotograficzny Miejskiej Galerii Sztuki na reporta\u017c z akcji &#8222;POMALUJ MI \u015aWIAT. SZTUKA DLA KA\u017bDEGO&#8221;<\/center>"},"content":{"rendered":"<p><strong><i><\/i><\/strong><img loading=\"lazy\" decoding=\"async\" class=\"aligncenter size-full wp-image-833\" alt=\"MGS\u00a8_konkurs\" src=\"https:\/\/www.jurajski-fotoklub.pl\/wp-content\/uploads\/2013\/05\/MGS\u00a8_konkurs.jpg\" width=\"624\" height=\"184\" srcset=\"https:\/\/www.jurajski-fotoklub.pl\/wp-content\/uploads\/2013\/05\/MGS\u00a8_konkurs.jpg 624w, https:\/\/www.jurajski-fotoklub.pl\/wp-content\/uploads\/2013\/05\/MGS\u00a8_konkurs-300x88.jpg 300w\" sizes=\"auto, (max-width: 624px) 100vw, 624px\" \/><\/p>\n<p style=\"text-align: center;\"><span style=\"color: #c0c0c0;\"><strong><a title=\"REGULAMIN\" href=\"https:\/\/www.jurajski-fotoklub.pl\/reg.pdf\" target=\"_blank\">REGULAMIN<\/a>\u00a0\u00a0\u00a0\u00a0\u00a0\u00a0\u00a0\u00a0\u00a0\u00a0\u00a0\u00a0\u00a0\u00a0\u00a0\u00a0\u00a0\u00a0\u00a0\u00a0\u00a0\u00a0\u00a0\u00a0\u00a0\u00a0 <a title=\"PROGRAM AKCJI\" href=\"https:\/\/www.jurajski-fotoklub.pl\/prog.pdf\" target=\"_blank\">PROGRAM AKCJI<\/a><\/strong><\/span><\/p>\n","protected":false},"excerpt":{"rendered":"<p>REGULAMIN\u00a0\u00a0\u00a0\u00a0\u00a0\u00a0\u00a0\u00a0\u00a0\u00a0\u00a0\u00a0\u00a0\u00a0\u00a0\u00a0\u00a0\u00a0\u00a0\u00a0\u00a0\u00a0\u00a0\u00a0\u00a0\u00a0 PROGRAM AKCJI<\/p>\n","protected":false},"author":1,"featured_media":0,"comment_status":"closed","ping_status":"open","sticky":false,"template":"","format":"standard","meta":{"footnotes":""},"categories":[1],"tags":[],"class_list":["post-832","post","type-post","status-publish","format-standard","hentry","category-uncategorized"],"_links":{"self":[{"href":"https:\/\/www.jurajski-fotoklub.pl\/index.php\/wp-json\/wp\/v2\/posts\/832","targetHints":{"allow":["GET"]}}],"collection":[{"href":"https:\/\/www.jurajski-fotoklub.pl\/index.php\/wp-json\/wp\/v2\/posts"}],"about":[{"href":"https:\/\/www.jurajski-fotoklub.pl\/index.php\/wp-json\/wp\/v2\/types\/post"}],"author":[{"embeddable":true,"href":"https:\/\/www.jurajski-fotoklub.pl\/index.php\/wp-json\/wp\/v2\/users\/1"}],"replies":[{"embeddable":true,"href":"https:\/\/www.jurajski-fotoklub.pl\/index.php\/wp-json\/wp\/v2\/comments?post=832"}],"version-history":[{"count":7,"href":"https:\/\/www.jurajski-fotoklub.pl\/index.php\/wp-json\/wp\/v2\/posts\/832\/revisions"}],"predecessor-version":[{"id":837,"href":"https:\/\/www.jurajski-fotoklub.pl\/index.php\/wp-json\/wp\/v2\/posts\/832\/revisions\/837"}],"wp:attachment":[{"href":"https:\/\/www.jurajski-fotoklub.pl\/index.php\/wp-json\/wp\/v2\/media?parent=832"}],"wp:term":[{"taxonomy":"category","embeddable":true,"href":"https:\/\/www.jurajski-fotoklub.pl\/index.php\/wp-json\/wp\/v2\/categories?post=832"},{"taxonomy":"post_tag","embeddable":true,"href":"https:\/\/www.jurajski-fotoklub.pl\/index.php\/wp-json\/wp\/v2\/tags?post=832"}],"curies":[{"name":"wp","href":"https:\/\/api.w.org\/{rel}","templated":true}]}}