{"id":888,"date":"2013-05-16T21:21:46","date_gmt":"2013-05-16T21:21:46","guid":{"rendered":"http:\/\/www.jurajski-fotoklub.pl\/?p=888"},"modified":"2013-05-20T18:24:21","modified_gmt":"2013-05-20T18:24:21","slug":"rok-zaprasza-mlodzie-do-udzialu-w-konkursie-fotograficznym-kulturalne-malolaty","status":"publish","type":"post","link":"https:\/\/www.jurajski-fotoklub.pl\/index.php\/rok-zaprasza-mlodzie-do-udzialu-w-konkursie-fotograficznym-kulturalne-malolaty\/","title":{"rendered":"<center>ROK zaprasza m\u0142odzie\u017c do udzia\u0142u w konkursie fotograficznym KULTURALNE MA\u0141OLATY<\/center>"},"content":{"rendered":"<p style=\"text-align: center;\"><a href=\"https:\/\/www.jurajski-fotoklub.pl\/wp-content\/uploads\/2013\/05\/ma\u0142olaty-plakat-do-internetu.jpg\"><img loading=\"lazy\" decoding=\"async\" class=\"alignleft size-medium wp-image-889\" alt=\"ma\u0142olaty plakat do internetu\" src=\"https:\/\/www.jurajski-fotoklub.pl\/wp-content\/uploads\/2013\/05\/ma\u0142olaty-plakat-do-internetu-212x300.jpg\" width=\"212\" height=\"300\" srcset=\"https:\/\/www.jurajski-fotoklub.pl\/wp-content\/uploads\/2013\/05\/ma\u0142olaty-plakat-do-internetu-212x300.jpg 212w, https:\/\/www.jurajski-fotoklub.pl\/wp-content\/uploads\/2013\/05\/ma\u0142olaty-plakat-do-internetu-723x1024.jpg 723w, https:\/\/www.jurajski-fotoklub.pl\/wp-content\/uploads\/2013\/05\/ma\u0142olaty-plakat-do-internetu.jpg 1753w\" sizes=\"auto, (max-width: 212px) 100vw, 212px\" \/><\/a><b>Fotokonkurs\u00a0 \u201eKULTURALNE MA\u0141OLATY\u201d\u00a0\u00a0<\/b><\/p>\n<p style=\"text-align: center;\"><b><\/b>w ramach projektu \u201eMA\u0141OLATY Z KULTUR\u0104 NA TY\u201d<\/p>\n<div>\n<p>Spr\u00f3buj uchwyci\u0107 \u201eokiem\u201d aparatu fotograficznego sytuacje okre\u015blane jako \u201ekulturalne\u201d. Mo\u017ce to by\u0107 kontakt z ksi\u0105\u017ck\u0105, udzia\u0142 w imprezie kulturalnej, wyst\u0119p na scenie, fotografowanie, filmowanie, malowanie, a nawet rze\u017abienie. Mo\u017cesz sfotografowa\u0107 r\u00f3wnie\u017c zabytki, wsp\u00f3\u0142czesne obiekty kultury, przedmioty, dzia\u0142ania, zdarzenia lub osoby zwi\u0105zane z kultur\u0105. <b>Wa\u017cne jest uchwycenie tematyki kulturalnej. <\/b>A mo\u017ce wcze\u015bniej zastanowisz si\u0119, co to znaczy \u201eby\u0107 cz\u0142owiekiem kulturalnym\u201d, o co chodzi z t\u0105 kultur\u0105?<\/p>\n<p><b>W\u0142a\u015bnie, o co chodzi:<\/b><\/p>\n<p>Og\u0142aszamy konkurs fotograficzny. Obiektem fotograficznym jest KULTURA. Fotografowa\u0107 mo\u017cna wydarzenia, imprezy kulturalne, zabytki, przedmioty, albo kulturalne postawy i zachowania ludzi. Mo\u017cna podpatrywa\u0107 te\u017c prac\u0119 os\u00f3b pracuj\u0105cych zawodowo w dziedzinie kultury lub pasjonat\u00f3w tej dziedziny. Je\u017celi masz w\u0105tpliwo\u015bci jak rozumie\u0107 temat konkursu, skontaktuj si\u0119\u00a0\u00a0\u00a0\u00a0\u00a0\u00a0\u00a0\u00a0\u00a0\u00a0\u00a0\u00a0\u00a0\u00a0\u00a0\u00a0\u00a0\u00a0\u00a0\u00a0\u00a0\u00a0 \u00a0\u00a0\u00a0\u00a0\u00a0\u00a0\u00a0z pracownikami miejscowego O\u015brodka Kultury lub Biblioteki. Przecie\u017c ju\u017c tam by\u0142e\u015b!<\/p>\n<p style=\"text-align: center;\"><a href=\"https:\/\/www.jurajski-fotoklub.pl\/reg_malolaty.pdf\" target=\"_blank\">REGULAMIN<\/a><\/p>\n<\/div>\n","protected":false},"excerpt":{"rendered":"<p>Fotokonkurs\u00a0 \u201eKULTURALNE MA\u0141OLATY\u201d\u00a0\u00a0 w ramach projektu \u201eMA\u0141OLATY Z KULTUR\u0104 NA TY\u201d Spr\u00f3buj uchwyci\u0107 \u201eokiem\u201d aparatu fotograficznego sytuacje okre\u015blane jako \u201ekulturalne\u201d. Mo\u017ce to by\u0107 kontakt z ksi\u0105\u017ck\u0105, udzia\u0142 w imprezie kulturalnej, wyst\u0119p na scenie, fotografowanie, filmowanie, malowanie, a nawet rze\u017abienie. Mo\u017cesz sfotografowa\u0107 r\u00f3wnie\u017c zabytki, wsp\u00f3\u0142czesne obiekty kultury, przedmioty, dzia\u0142ania, zdarzenia lub osoby zwi\u0105zane z kultur\u0105. Wa\u017cne [&hellip;]<\/p>\n","protected":false},"author":1,"featured_media":0,"comment_status":"closed","ping_status":"open","sticky":false,"template":"","format":"standard","meta":{"footnotes":""},"categories":[1],"tags":[],"class_list":["post-888","post","type-post","status-publish","format-standard","hentry","category-uncategorized"],"_links":{"self":[{"href":"https:\/\/www.jurajski-fotoklub.pl\/index.php\/wp-json\/wp\/v2\/posts\/888","targetHints":{"allow":["GET"]}}],"collection":[{"href":"https:\/\/www.jurajski-fotoklub.pl\/index.php\/wp-json\/wp\/v2\/posts"}],"about":[{"href":"https:\/\/www.jurajski-fotoklub.pl\/index.php\/wp-json\/wp\/v2\/types\/post"}],"author":[{"embeddable":true,"href":"https:\/\/www.jurajski-fotoklub.pl\/index.php\/wp-json\/wp\/v2\/users\/1"}],"replies":[{"embeddable":true,"href":"https:\/\/www.jurajski-fotoklub.pl\/index.php\/wp-json\/wp\/v2\/comments?post=888"}],"version-history":[{"count":3,"href":"https:\/\/www.jurajski-fotoklub.pl\/index.php\/wp-json\/wp\/v2\/posts\/888\/revisions"}],"predecessor-version":[{"id":891,"href":"https:\/\/www.jurajski-fotoklub.pl\/index.php\/wp-json\/wp\/v2\/posts\/888\/revisions\/891"}],"wp:attachment":[{"href":"https:\/\/www.jurajski-fotoklub.pl\/index.php\/wp-json\/wp\/v2\/media?parent=888"}],"wp:term":[{"taxonomy":"category","embeddable":true,"href":"https:\/\/www.jurajski-fotoklub.pl\/index.php\/wp-json\/wp\/v2\/categories?post=888"},{"taxonomy":"post_tag","embeddable":true,"href":"https:\/\/www.jurajski-fotoklub.pl\/index.php\/wp-json\/wp\/v2\/tags?post=888"}],"curies":[{"name":"wp","href":"https:\/\/api.w.org\/{rel}","templated":true}]}}